{"id":127,"date":"2026-08-31T19:40:00","date_gmt":"2026-08-31T22:40:00","guid":{"rendered":"https:\/\/www.2bgrowth.com.br\/blog\/dia-do-cliente-15-setembro-comercio-local\/"},"modified":"2026-08-31T19:40:00","modified_gmt":"2026-08-31T22:40:00","slug":"dia-do-cliente-15-setembro-comercio-local","status":"publish","type":"post","link":"https:\/\/www.2bgrowth.com.br\/blog\/dia-do-cliente-15-setembro-comercio-local\/","title":{"rendered":"Dia do Cliente (15\/09): a data nasceu porque setembro \u00e9 fraco"},"content":{"rendered":"<p>Dia 15 de setembro \u00e9 o <strong>Dia do Cliente<\/strong>. E tem um detalhe na origem da data que muda tudo na forma de usar ela: a data foi criada em 2003, no Rio Grande do Sul, pelo empres\u00e1rio Jo\u00e3o Carlos Rego, e o dia 15 de setembro <strong>n\u00e3o foi escolhido por acaso<\/strong>. Foi escolhido justamente porque setembro \u00e9 historicamente fraco no varejo.<\/p>\n<p>Ou seja: a data existe para dar motivo de compra num m\u00eas parado. Isso \u00e9 uma boa not\u00edcia para quem tem com\u00e9rcio local, e \u00e9 tamb\u00e9m o manual de como aproveitar.<\/p>\n<h2>N\u00e3o \u00e9 Black Friday. N\u00e3o precisa queimar margem.<\/h2>\n<p>O erro cl\u00e1ssico \u00e9 tratar o Dia do Cliente como mais uma data de desconto. N\u00e3o \u00e9. Black Friday \u00e9 sobre pre\u00e7o e atrai quem est\u00e1 ca\u00e7ando o menor valor. O Dia do Cliente \u00e9 sobre <strong>quem j\u00e1 comprou de voc\u00ea<\/strong>. \u00c9 a data em que a mensagem &#8220;obrigado por comprar aqui&#8221; funciona melhor do que &#8220;50% off&#8221;.<\/p>\n<p>Quem j\u00e1 \u00e9 cliente compra de novo com muito menos esfor\u00e7o e custo do que um desconhecido. Falar com quem j\u00e1 te conhece \u00e9 a coisa mais barata que existe no marketing, e essa \u00e9 a semana em que isso tem desculpa pronta.<\/p>\n<figure style=\"margin:28px 0\"><img decoding=\"async\" src=\"\/assets\/team\/equipe-2b-growth-reuniao.webp\" alt=\"Equipe da 2B Growth em reuni\u00e3o de planejamento de campanha no escrit\u00f3rio em Uberl\u00e2ndia\" loading=\"lazy\" style=\"width:100%;border-radius:14px\"><\/figure>\n<h2>Tr\u00eas coisas que funcionam melhor que desconto<\/h2>\n<ul>\n<li><b>Uma mensagem no WhatsApp para a sua base.<\/b> Curta, com o nome da pessoa, sem cara de disparo em massa. &#8220;Oi, Ana. Semana do Dia do Cliente aqui em casa, separei isso pensando em voc\u00ea.&#8221; Quem tem uma lista de clientes antigos e nunca usa est\u00e1 sentado em cima do ativo mais barato do neg\u00f3cio.<\/li>\n<li><b>Um mimo no pedido, n\u00e3o um corte no pre\u00e7o.<\/b> Brinde pequeno, upgrade, entrega sem taxa, um bilhete escrito \u00e0 m\u00e3o. Custa menos que 10% de desconto e \u00e9 lembrado por muito mais tempo. Desconto o cliente esquece na semana seguinte, e ainda ensina ele a s\u00f3 comprar em promo\u00e7\u00e3o.<\/li>\n<li><b>Pe\u00e7a a avalia\u00e7\u00e3o no Google de quem foi bem atendido.<\/b> \u00c9 a semana perfeita para isso, porque o pedido soa natural. E avalia\u00e7\u00e3o puxa avalia\u00e7\u00e3o: <a href=\"https:\/\/www.2bgrowth.com.br\/blog\/efeito-manada-avaliacoes-google\/\">quem tem nota boa recebe mais nota boa<\/a>. Se voc\u00ea trava na hora de responder, veja <a href=\"https:\/\/www.2bgrowth.com.br\/blog\/como-responder-avaliacoes-google\/\">como responder avalia\u00e7\u00e3o no Google<\/a>.<\/li>\n<\/ul>\n<h2>Se for anunciar, anuncie para quem j\u00e1 te conhece<\/h2>\n<p>Nessa semana, p\u00fablico frio \u00e9 o caminho caro. O dinheiro rende mais mostrando an\u00fancio para quem j\u00e1 visitou seu site, j\u00e1 falou com voc\u00ea no WhatsApp ou j\u00e1 comprou. \u00c9 menos gente, sai mais barato e converte melhor, porque a pessoa n\u00e3o precisa ser convencida de que voc\u00ea existe.<\/p>\n<p>E se voc\u00ea vende para o bairro, um post na ficha do Google com a oferta da semana custa zero e aparece exatamente para quem procura voc\u00ea na regi\u00e3o.<\/p>\n<h2>Prepare antes do dia 15, n\u00e3o no dia 15<\/h2>\n<p>A parte chata e a que mais d\u00e1 resultado: cheque o b\u00e1sico com alguns dias de anteced\u00eancia. Hor\u00e1rio certo na ficha do Google, estoque do que voc\u00ea vai oferecer, e principalmente <strong>quem vai responder o WhatsApp<\/strong>. N\u00e3o adianta movimentar a base na segunda e deixar a mensagem sem resposta at\u00e9 quarta. Cliente que pergunta e n\u00e3o \u00e9 respondido n\u00e3o reclama, ele s\u00f3 some. Sobre isso, vale ler <a href=\"https:\/\/www.2bgrowth.com.br\/blog\/cliente-pergunta-preco-e-some\/\">por que o cliente pergunta o pre\u00e7o e desaparece<\/a>.<\/p>\n<hr>\n<p><strong>Quer chegar no dia 15 com a base avisada, a ficha do Google certa e algu\u00e9m respondendo r\u00e1pido?<\/strong> \u00c9 disso que a 2B cuida no dia a dia. <a href=\"https:\/\/wa.me\/5534996445271?text=Quero%20aproveitar%20o%20Dia%20do%20Cliente%20no%20meu%20neg%C3%B3cio\">Fale no WhatsApp<\/a> ou fa\u00e7a o <a href=\"https:\/\/www.2bgrowth.com.br\/google\/\">Raio-X gratuito do seu Google<\/a>.<\/p>\n","protected":false},"excerpt":{"rendered":"<p>15 de setembro \u00e9 o Dia do Cliente. A data foi criada em 2003 justamente porque setembro vende pouco. Como o com\u00e9rcio local aproveita sem queimar margem.<\/p>\n","protected":false},"author":1,"featured_media":128,"comment_status":"closed","ping_status":"open","sticky":false,"template":"","format":"standard","meta":{"footnotes":""},"categories":[7],"tags":[],"class_list":["post-127","post","type-post","status-publish","format-standard","has-post-thumbnail","hentry","category-datas-comercio"],"yoast_head":"<!-- This site is optimized with the Yoast SEO plugin v27.6 - https:\/\/yoast.com\/product\/yoast-seo-wordpress\/ -->\n<title>Dia do Cliente (15\/09): a data nasceu porque setembro \u00e9 fraco - Blog 2B Growth<\/title>\n<meta name=\"robots\" content=\"index, follow, max-snippet:-1, max-image-preview:large, max-video-preview:-1\" \/>\n<link rel=\"canonical\" href=\"https:\/\/www.2bgrowth.com.br\/blog\/dia-do-cliente-15-setembro-comercio-local\/\" \/>\n<meta property=\"og:locale\" content=\"pt_BR\" \/>\n<meta property=\"og:type\" content=\"article\" \/>\n<meta property=\"og:title\" content=\"Dia do Cliente (15\/09): a data nasceu porque setembro \u00e9 fraco - Blog 2B Growth\" \/>\n<meta property=\"og:description\" content=\"15 de setembro \u00e9 o Dia do Cliente. A data foi criada em 2003 justamente porque setembro vende pouco. Como o com\u00e9rcio local aproveita sem queimar margem.\" \/>\n<meta property=\"og:url\" content=\"https:\/\/www.2bgrowth.com.br\/blog\/dia-do-cliente-15-setembro-comercio-local\/\" \/>\n<meta property=\"og:site_name\" content=\"Blog 2B Growth\" \/>\n<meta property=\"article:published_time\" content=\"2026-08-31T22:40:00+00:00\" \/>\n<meta name=\"author\" content=\"Helvio Cardoso\" \/>\n<meta name=\"twitter:card\" content=\"summary_large_image\" \/>\n<meta name=\"twitter:label1\" content=\"Escrito por\" \/>\n\t<meta name=\"twitter:data1\" content=\"Helvio Cardoso\" \/>\n\t<meta name=\"twitter:label2\" content=\"Est. tempo de leitura\" \/>\n\t<meta name=\"twitter:data2\" content=\"3 minutos\" \/>\n<script type=\"application\/ld+json\" class=\"yoast-schema-graph\">{\"@context\":\"https:\\\/\\\/schema.org\",\"@graph\":[{\"@type\":\"Article\",\"@id\":\"https:\\\/\\\/www.2bgrowth.com.br\\\/blog\\\/dia-do-cliente-15-setembro-comercio-local\\\/#article\",\"isPartOf\":{\"@id\":\"https:\\\/\\\/www.2bgrowth.com.br\\\/blog\\\/dia-do-cliente-15-setembro-comercio-local\\\/\"},\"author\":{\"name\":\"Helvio Cardoso\",\"@id\":\"https:\\\/\\\/www.2bgrowth.com.br\\\/blog\\\/#\\\/schema\\\/person\\\/6fd54eafec1067d03bb157499f2a4502\"},\"headline\":\"Dia do Cliente (15\\\/09): a data nasceu porque setembro \u00e9 fraco\",\"datePublished\":\"2026-08-31T22:40:00+00:00\",\"mainEntityOfPage\":{\"@id\":\"https:\\\/\\\/www.2bgrowth.com.br\\\/blog\\\/dia-do-cliente-15-setembro-comercio-local\\\/\"},\"wordCount\":591,\"image\":{\"@id\":\"https:\\\/\\\/www.2bgrowth.com.br\\\/blog\\\/dia-do-cliente-15-setembro-comercio-local\\\/#primaryimage\"},\"thumbnailUrl\":\"https:\\\/\\\/www.2bgrowth.com.br\\\/blog\\\/wp-content\\\/uploads\\\/2026\\\/08\\\/dia-do-cliente-2026.jpg\",\"articleSection\":[\"Datas &amp; Com\u00e9rcio\"],\"inLanguage\":\"pt-BR\"},{\"@type\":\"WebPage\",\"@id\":\"https:\\\/\\\/www.2bgrowth.com.br\\\/blog\\\/dia-do-cliente-15-setembro-comercio-local\\\/\",\"url\":\"https:\\\/\\\/www.2bgrowth.com.br\\\/blog\\\/dia-do-cliente-15-setembro-comercio-local\\\/\",\"name\":\"Dia do Cliente (15\\\/09): a data nasceu porque setembro \u00e9 fraco - Blog 2B Growth\",\"isPartOf\":{\"@id\":\"https:\\\/\\\/www.2bgrowth.com.br\\\/blog\\\/#website\"},\"primaryImageOfPage\":{\"@id\":\"https:\\\/\\\/www.2bgrowth.com.br\\\/blog\\\/dia-do-cliente-15-setembro-comercio-local\\\/#primaryimage\"},\"image\":{\"@id\":\"https:\\\/\\\/www.2bgrowth.com.br\\\/blog\\\/dia-do-cliente-15-setembro-comercio-local\\\/#primaryimage\"},\"thumbnailUrl\":\"https:\\\/\\\/www.2bgrowth.com.br\\\/blog\\\/wp-content\\\/uploads\\\/2026\\\/08\\\/dia-do-cliente-2026.jpg\",\"datePublished\":\"2026-08-31T22:40:00+00:00\",\"author\":{\"@id\":\"https:\\\/\\\/www.2bgrowth.com.br\\\/blog\\\/#\\\/schema\\\/person\\\/6fd54eafec1067d03bb157499f2a4502\"},\"breadcrumb\":{\"@id\":\"https:\\\/\\\/www.2bgrowth.com.br\\\/blog\\\/dia-do-cliente-15-setembro-comercio-local\\\/#breadcrumb\"},\"inLanguage\":\"pt-BR\",\"potentialAction\":[{\"@type\":\"ReadAction\",\"target\":[\"https:\\\/\\\/www.2bgrowth.com.br\\\/blog\\\/dia-do-cliente-15-setembro-comercio-local\\\/\"]}]},{\"@type\":\"ImageObject\",\"inLanguage\":\"pt-BR\",\"@id\":\"https:\\\/\\\/www.2bgrowth.com.br\\\/blog\\\/dia-do-cliente-15-setembro-comercio-local\\\/#primaryimage\",\"url\":\"https:\\\/\\\/www.2bgrowth.com.br\\\/blog\\\/wp-content\\\/uploads\\\/2026\\\/08\\\/dia-do-cliente-2026.jpg\",\"contentUrl\":\"https:\\\/\\\/www.2bgrowth.com.br\\\/blog\\\/wp-content\\\/uploads\\\/2026\\\/08\\\/dia-do-cliente-2026.jpg\",\"width\":1200,\"height\":630},{\"@type\":\"BreadcrumbList\",\"@id\":\"https:\\\/\\\/www.2bgrowth.com.br\\\/blog\\\/dia-do-cliente-15-setembro-comercio-local\\\/#breadcrumb\",\"itemListElement\":[{\"@type\":\"ListItem\",\"position\":1,\"name\":\"Home\",\"item\":\"https:\\\/\\\/www.2bgrowth.com.br\\\/blog\\\/\"},{\"@type\":\"ListItem\",\"position\":2,\"name\":\"Dia do Cliente (15\\\/09): a data nasceu porque setembro \u00e9 fraco\"}]},{\"@type\":\"WebSite\",\"@id\":\"https:\\\/\\\/www.2bgrowth.com.br\\\/blog\\\/#website\",\"url\":\"https:\\\/\\\/www.2bgrowth.com.br\\\/blog\\\/\",\"name\":\"Blog 2B Growth\",\"description\":\"Conte\u00fado sobre tr\u00e1fego pago, Meta Ads, Google Ads e automa\u00e7\u00e3o com IA\",\"potentialAction\":[{\"@type\":\"SearchAction\",\"target\":{\"@type\":\"EntryPoint\",\"urlTemplate\":\"https:\\\/\\\/www.2bgrowth.com.br\\\/blog\\\/?s={search_term_string}\"},\"query-input\":{\"@type\":\"PropertyValueSpecification\",\"valueRequired\":true,\"valueName\":\"search_term_string\"}}],\"inLanguage\":\"pt-BR\"},{\"@type\":\"Person\",\"@id\":\"https:\\\/\\\/www.2bgrowth.com.br\\\/blog\\\/#\\\/schema\\\/person\\\/6fd54eafec1067d03bb157499f2a4502\",\"name\":\"Helvio Cardoso\",\"image\":{\"@type\":\"ImageObject\",\"inLanguage\":\"pt-BR\",\"@id\":\"https:\\\/\\\/secure.gravatar.com\\\/avatar\\\/43683a951b523129e02295ca6e596e9fe4b2124bc6778c52d1a6902ac544c25b?s=96&d=mm&r=g\",\"url\":\"https:\\\/\\\/secure.gravatar.com\\\/avatar\\\/43683a951b523129e02295ca6e596e9fe4b2124bc6778c52d1a6902ac544c25b?s=96&d=mm&r=g\",\"contentUrl\":\"https:\\\/\\\/secure.gravatar.com\\\/avatar\\\/43683a951b523129e02295ca6e596e9fe4b2124bc6778c52d1a6902ac544c25b?s=96&d=mm&r=g\",\"caption\":\"Helvio Cardoso\"},\"sameAs\":[\"https:\\\/\\\/www.2bgrowth.com.br\\\/blog\"],\"url\":\"https:\\\/\\\/www.2bgrowth.com.br\\\/blog\\\/author\\\/2bgrowth\\\/\"}]}<\/script>\n<!-- \/ Yoast SEO plugin. -->","yoast_head_json":{"title":"Dia do Cliente (15\/09): a data nasceu porque setembro \u00e9 fraco - Blog 2B Growth","robots":{"index":"index","follow":"follow","max-snippet":"max-snippet:-1","max-image-preview":"max-image-preview:large","max-video-preview":"max-video-preview:-1"},"canonical":"https:\/\/www.2bgrowth.com.br\/blog\/dia-do-cliente-15-setembro-comercio-local\/","og_locale":"pt_BR","og_type":"article","og_title":"Dia do Cliente (15\/09): a data nasceu porque setembro \u00e9 fraco - Blog 2B Growth","og_description":"15 de setembro \u00e9 o Dia do Cliente. A data foi criada em 2003 justamente porque setembro vende pouco. Como o com\u00e9rcio local aproveita sem queimar margem.","og_url":"https:\/\/www.2bgrowth.com.br\/blog\/dia-do-cliente-15-setembro-comercio-local\/","og_site_name":"Blog 2B Growth","article_published_time":"2026-08-31T22:40:00+00:00","author":"Helvio Cardoso","twitter_card":"summary_large_image","twitter_misc":{"Escrito por":"Helvio Cardoso","Est. tempo de leitura":"3 minutos"},"schema":{"@context":"https:\/\/schema.org","@graph":[{"@type":"Article","@id":"https:\/\/www.2bgrowth.com.br\/blog\/dia-do-cliente-15-setembro-comercio-local\/#article","isPartOf":{"@id":"https:\/\/www.2bgrowth.com.br\/blog\/dia-do-cliente-15-setembro-comercio-local\/"},"author":{"name":"Helvio Cardoso","@id":"https:\/\/www.2bgrowth.com.br\/blog\/#\/schema\/person\/6fd54eafec1067d03bb157499f2a4502"},"headline":"Dia do Cliente (15\/09): a data nasceu porque setembro \u00e9 fraco","datePublished":"2026-08-31T22:40:00+00:00","mainEntityOfPage":{"@id":"https:\/\/www.2bgrowth.com.br\/blog\/dia-do-cliente-15-setembro-comercio-local\/"},"wordCount":591,"image":{"@id":"https:\/\/www.2bgrowth.com.br\/blog\/dia-do-cliente-15-setembro-comercio-local\/#primaryimage"},"thumbnailUrl":"https:\/\/www.2bgrowth.com.br\/blog\/wp-content\/uploads\/2026\/08\/dia-do-cliente-2026.jpg","articleSection":["Datas &amp; Com\u00e9rcio"],"inLanguage":"pt-BR"},{"@type":"WebPage","@id":"https:\/\/www.2bgrowth.com.br\/blog\/dia-do-cliente-15-setembro-comercio-local\/","url":"https:\/\/www.2bgrowth.com.br\/blog\/dia-do-cliente-15-setembro-comercio-local\/","name":"Dia do Cliente (15\/09): a data nasceu porque setembro \u00e9 fraco - Blog 2B Growth","isPartOf":{"@id":"https:\/\/www.2bgrowth.com.br\/blog\/#website"},"primaryImageOfPage":{"@id":"https:\/\/www.2bgrowth.com.br\/blog\/dia-do-cliente-15-setembro-comercio-local\/#primaryimage"},"image":{"@id":"https:\/\/www.2bgrowth.com.br\/blog\/dia-do-cliente-15-setembro-comercio-local\/#primaryimage"},"thumbnailUrl":"https:\/\/www.2bgrowth.com.br\/blog\/wp-content\/uploads\/2026\/08\/dia-do-cliente-2026.jpg","datePublished":"2026-08-31T22:40:00+00:00","author":{"@id":"https:\/\/www.2bgrowth.com.br\/blog\/#\/schema\/person\/6fd54eafec1067d03bb157499f2a4502"},"breadcrumb":{"@id":"https:\/\/www.2bgrowth.com.br\/blog\/dia-do-cliente-15-setembro-comercio-local\/#breadcrumb"},"inLanguage":"pt-BR","potentialAction":[{"@type":"ReadAction","target":["https:\/\/www.2bgrowth.com.br\/blog\/dia-do-cliente-15-setembro-comercio-local\/"]}]},{"@type":"ImageObject","inLanguage":"pt-BR","@id":"https:\/\/www.2bgrowth.com.br\/blog\/dia-do-cliente-15-setembro-comercio-local\/#primaryimage","url":"https:\/\/www.2bgrowth.com.br\/blog\/wp-content\/uploads\/2026\/08\/dia-do-cliente-2026.jpg","contentUrl":"https:\/\/www.2bgrowth.com.br\/blog\/wp-content\/uploads\/2026\/08\/dia-do-cliente-2026.jpg","width":1200,"height":630},{"@type":"BreadcrumbList","@id":"https:\/\/www.2bgrowth.com.br\/blog\/dia-do-cliente-15-setembro-comercio-local\/#breadcrumb","itemListElement":[{"@type":"ListItem","position":1,"name":"Home","item":"https:\/\/www.2bgrowth.com.br\/blog\/"},{"@type":"ListItem","position":2,"name":"Dia do Cliente (15\/09): a data nasceu porque setembro \u00e9 fraco"}]},{"@type":"WebSite","@id":"https:\/\/www.2bgrowth.com.br\/blog\/#website","url":"https:\/\/www.2bgrowth.com.br\/blog\/","name":"Blog 2B Growth","description":"Conte\u00fado sobre tr\u00e1fego pago, Meta Ads, Google Ads e automa\u00e7\u00e3o com IA","potentialAction":[{"@type":"SearchAction","target":{"@type":"EntryPoint","urlTemplate":"https:\/\/www.2bgrowth.com.br\/blog\/?s={search_term_string}"},"query-input":{"@type":"PropertyValueSpecification","valueRequired":true,"valueName":"search_term_string"}}],"inLanguage":"pt-BR"},{"@type":"Person","@id":"https:\/\/www.2bgrowth.com.br\/blog\/#\/schema\/person\/6fd54eafec1067d03bb157499f2a4502","name":"Helvio Cardoso","image":{"@type":"ImageObject","inLanguage":"pt-BR","@id":"https:\/\/secure.gravatar.com\/avatar\/43683a951b523129e02295ca6e596e9fe4b2124bc6778c52d1a6902ac544c25b?s=96&d=mm&r=g","url":"https:\/\/secure.gravatar.com\/avatar\/43683a951b523129e02295ca6e596e9fe4b2124bc6778c52d1a6902ac544c25b?s=96&d=mm&r=g","contentUrl":"https:\/\/secure.gravatar.com\/avatar\/43683a951b523129e02295ca6e596e9fe4b2124bc6778c52d1a6902ac544c25b?s=96&d=mm&r=g","caption":"Helvio Cardoso"},"sameAs":["https:\/\/www.2bgrowth.com.br\/blog"],"url":"https:\/\/www.2bgrowth.com.br\/blog\/author\/2bgrowth\/"}]}},"_links":{"self":[{"href":"https:\/\/www.2bgrowth.com.br\/blog\/wp-json\/wp\/v2\/posts\/127","targetHints":{"allow":["GET"]}}],"collection":[{"href":"https:\/\/www.2bgrowth.com.br\/blog\/wp-json\/wp\/v2\/posts"}],"about":[{"href":"https:\/\/www.2bgrowth.com.br\/blog\/wp-json\/wp\/v2\/types\/post"}],"author":[{"embeddable":true,"href":"https:\/\/www.2bgrowth.com.br\/blog\/wp-json\/wp\/v2\/users\/1"}],"replies":[{"embeddable":true,"href":"https:\/\/www.2bgrowth.com.br\/blog\/wp-json\/wp\/v2\/comments?post=127"}],"version-history":[{"count":0,"href":"https:\/\/www.2bgrowth.com.br\/blog\/wp-json\/wp\/v2\/posts\/127\/revisions"}],"wp:featuredmedia":[{"embeddable":true,"href":"https:\/\/www.2bgrowth.com.br\/blog\/wp-json\/wp\/v2\/media\/128"}],"wp:attachment":[{"href":"https:\/\/www.2bgrowth.com.br\/blog\/wp-json\/wp\/v2\/media?parent=127"}],"wp:term":[{"taxonomy":"category","embeddable":true,"href":"https:\/\/www.2bgrowth.com.br\/blog\/wp-json\/wp\/v2\/categories?post=127"},{"taxonomy":"post_tag","embeddable":true,"href":"https:\/\/www.2bgrowth.com.br\/blog\/wp-json\/wp\/v2\/tags?post=127"}],"curies":[{"name":"wp","href":"https:\/\/api.w.org\/{rel}","templated":true}]}}